{"id":318,"date":"2026-06-05T16:29:09","date_gmt":"2026-06-05T14:29:09","guid":{"rendered":"https:\/\/agropolis.rs\/?p=318"},"modified":"2026-06-05T16:29:09","modified_gmt":"2026-06-05T14:29:09","slug":"cbam-i-trziste-ugljenika-da-li-je-srbija-spremna-za-novu-ekonomiju-emisija-co%e2%82%82","status":"publish","type":"post","link":"https:\/\/agropolis.rs\/?p=318","title":{"rendered":"CBAM i tr\u017ei\u0161te ugljenika: da li je Srbija spremna za novu ekonomiju emisija CO\u2082?"},"content":{"rendered":"\n<h1 class=\"wp-block-heading\">CBAM i tr\u017ei\u0161te ugljenika: da li je Srbija spremna za novu ekonomiju emisija CO\u2082?<\/h1>\n\n\n\n<p>Evropska unija poslednjih godina menja na\u010din na koji posmatra emisije gasova sa efektom staklene ba\u0161te. Ono \u0161to je nekada bilo pitanje za\u0161tite \u017eivotne sredine danas postaje pitanje konkurentnosti, pristupa tr\u017ei\u0161tu i dugoro\u010dne odr\u017eivosti poslovanja. U sredi\u0161tu te promene nalaze se Sistem trgovine emisijama Evropske unije (EU ETS) i Mehanizam za prekograni\u010dno prilago\u0111avanje emisija ugljenika, poznatiji kao CBAM.<\/p>\n\n\n\n<p>Iako se o CBAM-u u Srbiji naj\u010de\u0161\u0107e govori kao o jo\u0161 jednoj evropskoj regulativi koja poga\u0111a izvoznike, njegov zna\u010daj je mnogo \u0161iri. Re\u010d je o mehanizmu koji uvodi novu ekonomsku logiku u kojoj ugljen-dioksid postaje tro\u0161ak koji se mo\u017ee izra\u010dunati, oporezovati i uklju\u010diti u cenu proizvoda.<\/p>\n\n\n\n<h2 class=\"wp-block-heading\">\u0160ta je CBAM i za\u0161to je uveden?<\/h2>\n\n\n\n<p>Evropska unija je kroz EU ETS ve\u0107 uspostavila sistem u kojem kompanije pla\u0107aju za emisije koje proizvode. Me\u0111utim, takav sistem je otvorio pitanje konkurentnosti evropske industrije. Ukoliko proizvo\u0111a\u010di iz zemalja koje nemaju cenu ugljenika mogu da izvoze robu u EU bez sli\u010dnih tro\u0161kova, evropske kompanije nalaze se u nepovoljnom polo\u017eaju.<\/p>\n\n\n\n<p>Zbog toga je uveden CBAM, mehanizam koji treba da izjedna\u010di uslove poslovanja izme\u0111u proizvo\u0111a\u010da unutar i van Evropske unije. U prvoj fazi obuhva\u0107eni su sektori cementa, gvo\u017e\u0111a i \u010delika, aluminijuma, \u0111ubriva, elektri\u010dne energije i vodonika.<\/p>\n\n\n\n<p>Su\u0161tina CBAM-a nije zabrana uvoza niti uvo\u0111enje novih carina. Njegova svrha je da se prilikom uvoza uzmu u obzir emisije ugljenika nastale tokom proizvodnje robe.<\/p>\n\n\n\n<h2 class=\"wp-block-heading\">Nova pravila igre za srpsku privredu<\/h2>\n\n\n\n<p>Za Srbiju je pitanje CBAM-a posebno va\u017eno jer je Evropska unija ubedljivo najva\u017enije izvozno tr\u017ei\u0161te doma\u0107e privrede.<\/p>\n\n\n\n<p>Kompanije koje izvoze proizvode iz sektora obuhva\u0107enih CBAM-om ve\u0107 danas imaju obavezu izve\u0161tavanja o emisijama, dok \u0107e u narednim godinama finansijski efekti ovog mehanizma postajati sve izra\u017eeniji.<\/p>\n\n\n\n<p>To zna\u010di da cena proizvoda vi\u0161e ne\u0107e zavisiti samo od tro\u0161kova rada, energije i sirovina. Sve va\u017eniji faktor postaje koli\u010dina ugljen-dioksida ugra\u0111ena u proizvod.<\/p>\n\n\n\n<h2 class=\"wp-block-heading\">Od evropskih pravila do doma\u0107ih zakona<\/h2>\n\n\n\n<p>Upravo zbog toga Srbija je krajem 2025. godine usvojila Zakon o porezu na emisije gasova sa efektom staklene ba\u0161te i Zakon o porezu na uvoz ugljeni\u010dno intenzivnih proizvoda.<\/p>\n\n\n\n<p>Ovi propisi predstavljaju prvi ozbiljan korak ka uspostavljanju doma\u0107eg sistema odre\u0111ivanja cene ugljenika.<\/p>\n\n\n\n<p>Prvi zakon uvodi obavezu pla\u0107anja poreza na emisije za sektore sa visokim emisijama, me\u0111u kojima su proizvodnja elektri\u010dne energije, cementa, \u010delika, aluminijuma i mineralnih \u0111ubriva.<\/p>\n\n\n\n<p>Drugi zakon uvodi mehanizam kojim se odre\u0111eni ugljeni\u010dno intenzivni proizvodi iz uvoza oporezuju kako doma\u0107i proizvo\u0111a\u010di ne bi bili u nepovoljnijem polo\u017eaju u odnosu na konkurenciju iz zemalja koje nemaju sli\u010dne obaveze.<\/p>\n\n\n\n<p>Na taj na\u010din Srbija poku\u0161ava da se pribli\u017ei logici koju ve\u0107 primenjuje Evropska unija.<\/p>\n\n\n\n<h2 class=\"wp-block-heading\">Da li je Srbija spremna?<\/h2>\n\n\n\n<p>Odgovor zavisi od ugla posmatranja.<\/p>\n\n\n\n<p>Sa regulatornog aspekta, napravljen je zna\u010dajan napredak. Uspostavljen je sistem pra\u0107enja emisija, uvedena je cena ugljenika i postavljeni su temelji za budu\u0107e uskla\u0111ivanje sa evropskim pravilima.<\/p>\n\n\n\n<p>Me\u0111utim, stvarna spremnost ne zavisi samo od zakona.<\/p>\n\n\n\n<p>Najve\u0107i izazov ostaje struktura doma\u0107e energetike. Zna\u010dajan deo elektri\u010dne energije i dalje se proizvodi iz uglja, \u0161to pove\u0107ava ugljeni\u010dni otisak gotovo svih proizvoda i usluga u zemlji. Posledi\u010dno, doma\u0107a industrija ulazi u tr\u017ei\u0161nu utakmicu sa ve\u0107im emisijama od brojnih konkurenata u Evropskoj uniji.<\/p>\n\n\n\n<figure class=\"wp-block-image size-large\"><img loading=\"lazy\" decoding=\"async\" width=\"1024\" height=\"683\" src=\"https:\/\/agropolis.rs\/wp-content\/uploads\/2026\/06\/ChatGPT-Image-Jun-5-2026-03_59_36-PM-1024x683.png\" alt=\"\" class=\"wp-image-319\" srcset=\"https:\/\/agropolis.rs\/wp-content\/uploads\/2026\/06\/ChatGPT-Image-Jun-5-2026-03_59_36-PM-1024x683.png 1024w, https:\/\/agropolis.rs\/wp-content\/uploads\/2026\/06\/ChatGPT-Image-Jun-5-2026-03_59_36-PM-300x200.png 300w, https:\/\/agropolis.rs\/wp-content\/uploads\/2026\/06\/ChatGPT-Image-Jun-5-2026-03_59_36-PM-768x512.png 768w, https:\/\/agropolis.rs\/wp-content\/uploads\/2026\/06\/ChatGPT-Image-Jun-5-2026-03_59_36-PM-630x420.png 630w, https:\/\/agropolis.rs\/wp-content\/uploads\/2026\/06\/ChatGPT-Image-Jun-5-2026-03_59_36-PM-150x100.png 150w, https:\/\/agropolis.rs\/wp-content\/uploads\/2026\/06\/ChatGPT-Image-Jun-5-2026-03_59_36-PM-696x464.png 696w, https:\/\/agropolis.rs\/wp-content\/uploads\/2026\/06\/ChatGPT-Image-Jun-5-2026-03_59_36-PM-1068x712.png 1068w, https:\/\/agropolis.rs\/wp-content\/uploads\/2026\/06\/ChatGPT-Image-Jun-5-2026-03_59_36-PM.png 1536w\" sizes=\"auto, (max-width: 1024px) 100vw, 1024px\" \/><\/figure>\n\n\n\n<h2 class=\"wp-block-heading\">Izvori za CO\u2082 emisije po kWh (Srbija vs Nema\u010dka)<\/h2>\n\n\n\n<h3 class=\"wp-block-heading\">\ud83c\uddf7\ud83c\uddf8 Srbija \u2013 ~700\u2013750 g CO\u2082\/kWh (dominantno ugalj)<\/h3>\n\n\n\n<p>Glavni izvori:<\/p>\n\n\n\n<ul class=\"wp-block-list\">\n<li><strong>Ember \u2013 European Electricity Review<\/strong><br>https:\/\/ember-climate.org\/insights\/research\/european-electricity-review\/<\/li>\n\n\n\n<li><strong>IEA (International Energy Agency) \u2013 Serbia profile<\/strong><br><a href=\"https:\/\/www.iea.org\/countries\/serbia\">https:\/\/www.iea.org\/countries\/serbia<\/a><\/li>\n\n\n\n<li><strong>Our World in Data \u2013 Electricity mix &amp; CO\u2082 intensity<\/strong><br><a href=\"https:\/\/ourworldindata.org\/grapher\/carbon-intensity-electricity\">https:\/\/ourworldindata.org\/grapher\/carbon-intensity-electricity<\/a><\/li>\n<\/ul>\n\n\n\n<p>\ud83d\udc49 Ember i OWID pokazuju da Srbija ima <strong>visoku CO\u2082 intenzivnost zbog lignita (coal-heavy grid)<\/strong>, \u0161to u proseku daje ~0.7 kg CO\u2082\/kWh (700 g\/kWh range).<\/p>\n\n\n\n<h3 class=\"wp-block-heading\">\ud83c\udde9\ud83c\uddea Nema\u010dka \u2013 ~350\u2013450 g CO\u2082\/kWh (u padu)<\/h3>\n\n\n\n<p>Glavni izvori:<\/p>\n\n\n\n<ul class=\"wp-block-list\">\n<li><strong>Ember \u2013 Germany electricity data<\/strong><br><a href=\"https:\/\/ember-climate.org\/countries-and-regions\/countries\/germany\/\">https:\/\/ember-climate.org\/countries-and-regions\/countries\/germany\/<\/a><\/li>\n\n\n\n<li><strong>Fraunhofer ISE \u2013 Energy Charts (Germany real-time mix)<\/strong><br><a href=\"https:\/\/energy-charts.info\/\">https:\/\/energy-charts.info\/<\/a><\/li>\n\n\n\n<li><strong>IEA \u2013 Germany profile<\/strong><br><a href=\"https:\/\/www.iea.org\/countries\/germany\">https:\/\/www.iea.org\/countries\/germany<\/a><\/li>\n<\/ul>\n\n\n\n<p>\ud83d\udc49 Nema\u010dka varira po godinama, ali poslednjih godina:<\/p>\n\n\n\n<ul class=\"wp-block-list\">\n<li>~350 g\/kWh u godinama sa vi\u0161e vetra\/solara<\/li>\n\n\n\n<li>do ~400+ g\/kWh kada raste udeo uglja\/gasa<\/li>\n<\/ul>\n\n\n\n<p>Drugim re\u010dima, Srbija je po\u010dela da gradi regulatorni okvir, ali proces dekarbonizacije privrede tek predstoji.<\/p>\n\n\n\n<h2 class=\"wp-block-heading\">Za\u0161to bi poljoprivreda trebalo da obrati pa\u017enju?<\/h2>\n\n\n\n<p>Na prvi pogled mo\u017ee izgledati da se CBAM i tr\u017ei\u0161te ugljenika ne odnose na poljoprivredna gazdinstva. Me\u0111utim, upravo se u tome krije jedna od najve\u0107ih zabluda.<\/p>\n\n\n\n<p>Me\u0111u sektorima koji su obuhva\u0107eni novim pravilima nalaze se i mineralna \u0111ubriva. Ukoliko proizvo\u0111a\u010di \u0111ubriva budu suo\u010deni sa dodatnim tro\u0161kovima emisija, deo tog tro\u0161ka neminovno \u0107e biti ugra\u0111en u cenu proizvoda.<\/p>\n\n\n\n<p>Sli\u010dno va\u017ei i za energiju, logistiku i preradu hrane.<\/p>\n\n\n\n<p>Zbog toga se cena ugljenika postepeno prenosi du\u017e \u010ditavog lanca vrednosti, od industrijske proizvodnje do poljoprivrednog gazdinstva.<\/p>\n\n\n\n<h2 class=\"wp-block-heading\">ESG kao tr\u017ei\u0161ni zahtev, a ne administrativna obaveza<\/h2>\n\n\n\n<p>U prethodnim godinama ESG izve\u0161tavanje \u010desto je posmatrano kao tema rezervisana za velike korporacije. Me\u0111utim, razvoj tr\u017ei\u0161ta ugljenika pokazuje da podaci o emisijama postaju va\u017eni i za dobavlja\u010de, proizvo\u0111a\u010de sirovina i poljoprivredna gazdinstva.<\/p>\n\n\n\n<p>Velike prehrambene kompanije, izvoznici i trgovinski lanci sve \u010de\u0161\u0107e tra\u017ee podatke o emisijama svojih dobavlja\u010da kako bi mogli da ispune sopstvene klimatske ciljeve i zahteve investitora.<\/p>\n\n\n\n<p>Zbog toga merenje ugljeni\u010dnog otiska postepeno prerasta iz dobrovoljne aktivnosti u element poslovne konkurentnosti.<\/p>\n\n\n\n<h2 class=\"wp-block-heading\">Nova ekonomija emisija<\/h2>\n\n\n\n<p>CBAM i doma\u0107i propisi ne predstavljaju kraj procesa ve\u0107 njegov po\u010detak.<\/p>\n\n\n\n<p>Srbija je napravila prve korake ka uskla\u0111ivanju sa evropskom klimatskom politikom, ali \u0107e stvarna spremnost zavisiti od sposobnosti privrede da meri, prati i smanjuje emisije ugljenika.<\/p>\n\n\n\n<p>Za kompanije koje izvoze u Evropsku uniju, za proizvo\u0111a\u010de hrane i za poljoprivredna gazdinstva to zna\u010di da ugljeni\u010dni otisak postaje novi ekonomski parametar. Kao \u0161to su nekada presudni bili kvalitet, cena i rok isporuke, tako \u0107e u godinama koje dolaze sve va\u017enije postajati i pitanje koliko je CO\u2082 ugra\u0111eno u proizvod.<\/p>\n\n\n\n<p><em><strong>U trenutku kada CBAM i doma\u0107i mehanizmi odre\u0111ivanja cene ugljenika postaju deo regulatorne i tr\u017ei\u0161ne realnosti, pitanje vi\u0161e nije samo kako tuma\u010diti nove propise, ve\u0107 kako ih primeniti u svakodnevnom poslovanju. Ugljeni\u010dni (karbonski) otisak postaje parametar koji direktno uti\u010de na konkurentnost, izvoz i pristup tr\u017ei\u0161tima, a sposobnost njegovog merenja i upravljanja postaje sastavni deo poslovne strategije, a ne samo izve\u0161tavanja.<\/strong><\/em><\/p>\n\n\n\n<p><em><strong>U takvom okru\u017eenju, sve je ve\u0107a potreba za alatima i pristupima koji omogu\u0107avaju da se emisije ne posmatraju kao apstraktan regulatorni zahtev, ve\u0107 kao konkretan podatak koji mo\u017ee da se prati, analizira i optimizuje kroz lanac proizvodnje. Upravo tu nastaje prostor za digitalna re\u0161enja koja povezuju proizvodnju, inpute i emisije u jedinstven sistem razumevanja i odlu\u010divanja.<\/strong><\/em><\/p>\n\n\n\n<p><em><strong>VRS Solutions razvija pristupe i digitalna re\u0161enja koja idu u tom pravcu, sa ciljem da proizvo\u0111a\u010dima i prehrambenim sistemima pribli\u017ei ESG i CBAM zahteve i u\u010dini ih primenljivim u realnim uslovima proizvodnje.<\/strong><\/em><\/p>\n\n\n\n<p>Svetlana Raji\u0107<\/p>\n","protected":false},"excerpt":{"rendered":"<p>CBAM i tr\u017ei\u0161te ugljenika: da li je Srbija spremna za novu ekonomiju emisija CO\u2082? Evropska unija poslednjih godina menja na\u010din na koji posmatra emisije gasova sa efektom staklene ba\u0161te. Ono \u0161to je nekada bilo pitanje za\u0161tite \u017eivotne sredine danas postaje pitanje konkurentnosti, pristupa tr\u017ei\u0161tu i dugoro\u010dne odr\u017eivosti poslovanja. U sredi\u0161tu te promene nalaze se Sistem [&hellip;]<\/p>\n","protected":false},"author":1,"featured_media":320,"comment_status":"open","ping_status":"open","sticky":false,"template":"","format":"standard","meta":{"footnotes":""},"categories":[12,4,14,11,13],"tags":[85,90,87,89,88,91,92,93,86],"class_list":{"0":"post-318","1":"post","2":"type-post","3":"status-publish","4":"format-standard","5":"has-post-thumbnail","7":"category-agritech","8":"category-esg","9":"category-klimatske-promene","10":"category-odrziva-poljoprivreda","11":"category-zelena-ekonomija","12":"tag-cbam","13":"tag-ddekarbonizacija","14":"tag-emisije-co","15":"tag-eu-ets","16":"tag-karbonska-taksa","17":"tag-klimatska-politika-eu","18":"tag-klimatske-promene","19":"tag-srbija-i-cbam","20":"tag-trziste-ugljenika"},"_links":{"self":[{"href":"https:\/\/agropolis.rs\/index.php?rest_route=\/wp\/v2\/posts\/318","targetHints":{"allow":["GET"]}}],"collection":[{"href":"https:\/\/agropolis.rs\/index.php?rest_route=\/wp\/v2\/posts"}],"about":[{"href":"https:\/\/agropolis.rs\/index.php?rest_route=\/wp\/v2\/types\/post"}],"author":[{"embeddable":true,"href":"https:\/\/agropolis.rs\/index.php?rest_route=\/wp\/v2\/users\/1"}],"replies":[{"embeddable":true,"href":"https:\/\/agropolis.rs\/index.php?rest_route=%2Fwp%2Fv2%2Fcomments&post=318"}],"version-history":[{"count":1,"href":"https:\/\/agropolis.rs\/index.php?rest_route=\/wp\/v2\/posts\/318\/revisions"}],"predecessor-version":[{"id":321,"href":"https:\/\/agropolis.rs\/index.php?rest_route=\/wp\/v2\/posts\/318\/revisions\/321"}],"wp:featuredmedia":[{"embeddable":true,"href":"https:\/\/agropolis.rs\/index.php?rest_route=\/wp\/v2\/media\/320"}],"wp:attachment":[{"href":"https:\/\/agropolis.rs\/index.php?rest_route=%2Fwp%2Fv2%2Fmedia&parent=318"}],"wp:term":[{"taxonomy":"category","embeddable":true,"href":"https:\/\/agropolis.rs\/index.php?rest_route=%2Fwp%2Fv2%2Fcategories&post=318"},{"taxonomy":"post_tag","embeddable":true,"href":"https:\/\/agropolis.rs\/index.php?rest_route=%2Fwp%2Fv2%2Ftags&post=318"}],"curies":[{"name":"wp","href":"https:\/\/api.w.org\/{rel}","templated":true}]}}